{"id":747,"date":"2023-05-16T16:53:03","date_gmt":"2023-05-16T16:53:03","guid":{"rendered":"https:\/\/pruebawebym2024.live-website.com\/?p=17806"},"modified":"2024-09-02T06:18:31","modified_gmt":"2024-09-02T06:18:31","slug":"universale-360-distributeur-officiel-partenaire-ym-packaging-cataluna","status":"publish","type":"post","link":"https:\/\/ympackaging.com\/fr\/universale-360-socio-distribuidor-oficial-ym-packaging-cataluna\/","title":{"rendered":"UNIVERSALE 360, NOUVEAU PARTENAIRE-DISTRIBUTEUR OFFICIEL DE YM PACKAGING EN CATALOGNE"},"content":{"rendered":"<h2>UNIVERSALE 360, la holding dirig\u00e9e par Disem, sera le partenaire officiel de YM Packaging en Catalogne.<\/h2>\n<p>Disem est une entreprise situ\u00e9e \u00e0 Vic (Barcelone) qui, depuis 25 ans, se consacre \u00e0 la manutention et \u00e0 la distribution de produits industriels, en particulier de bandes transporteuses.<\/p>\n<p>Cette entreprise d'origine catalane partage les m\u00eames valeurs d'entreprise que YM Packaging, car toutes deux ont le m\u00eame objectif principal : <strong>de mettre en \u0153uvre des projets de haute qualit\u00e9 et de haute technologie sans oublier la satisfaction de ses clients.<\/strong>Ils veulent vous offrir le meilleur service, la meilleure qualit\u00e9 et les meilleurs conseils techniques personnalis\u00e9s.<\/p>\n<p>Avec cette \u00e9troite collaboration, YM Packaging confirme son engagement sur le march\u00e9 catalan, o\u00f9 il existe une demande croissante pour nos services, tant au niveau de la vente que de l'apr\u00e8s-vente.<\/p>\n<p><img fetchpriority=\"high\" decoding=\"async\" class=\"alignnone wp-image-705 size-full\" style=\"filter: invert(0);\" src=\"https:\/\/ympackaging.com\/wp-content\/uploads\/2023\/10\/formacion-continua-envasado-empaquetado.jpg\" alt=\"\" width=\"1920\" height=\"1080\" srcset=\"https:\/\/ympackaging.com\/wp-content\/uploads\/2023\/10\/formacion-continua-envasado-empaquetado.jpg 1920w, https:\/\/ympackaging.com\/wp-content\/uploads\/2023\/10\/formacion-continua-envasado-empaquetado-300x169.jpg 300w, https:\/\/ympackaging.com\/wp-content\/uploads\/2023\/10\/formacion-continua-envasado-empaquetado-1024x576.jpg 1024w, https:\/\/ympackaging.com\/wp-content\/uploads\/2023\/10\/formacion-continua-envasado-empaquetado-768x432.jpg 768w, https:\/\/ympackaging.com\/wp-content\/uploads\/2023\/10\/formacion-continua-envasado-empaquetado-1536x864.jpg 1536w\" sizes=\"(max-width: 1920px) 100vw, 1920px\" \/><\/p>\n<p>Le mois dernier, le directeur commercial de YM Packaging s'est rendu chez Disem pour une formation en <strong>la commercialisation de lignes d'emballage, <a href=\"https:\/\/ympackaging.com\/fr\/machines-industrielles\/emballage-palettise\/\">emballage et palettisation<\/a><\/strong> \u00e0 UNIVERSALE 360, le nouveau partenaire distributeur officiel de YM Packaging en Catalogne.<\/p>\n<p>Chez YM Packaging Group, nous continuons \u00e0 ajouter des distributeurs, ce qui nous permet de poursuivre notre croissance. Nous avons d\u00e9j\u00e0 r\u00e9alis\u00e9 plus de 800 projets dans le monde entier et nous avons plus de 15 ans d'exp\u00e9rience dans la conception et la fabrication de machines d'emballage.<\/p>","protected":false},"excerpt":{"rendered":"<p>UNIVERSALE 360, la holding dirig\u00e9e par Disem, sera le partenaire officiel de YM Packaging en Catalogne. Disem est une entreprise situ\u00e9e \u00e0 Vic (Barcelone) qui se consacre depuis 25 ans \u00e0 la manutention et \u00e0 la distribution de produits industriels, notamment de bandes transporteuses. Cette entreprise d'origine catalane partage avec YM Packaging les m\u00eames valeurs d'entreprise, car toutes deux ont le m\u00eame objectif principal : mettre en \u0153uvre des projets et des technologies de haute qualit\u00e9 sans oublier la satisfaction de leurs clients, et elles veulent leur donner le meilleur service, avec la meilleure qualit\u00e9 et le meilleur conseil technique personnalis\u00e9. Avec cette \u00e9troite collaboration, YM Packaging confirme son engagement sur le march\u00e9 catalan, o\u00f9 il existe une demande croissante pour nos services, tant au niveau de la vente que de l'apr\u00e8s-vente. Le mois dernier, le directeur commercial d'YM Packaging s'est rendu \u00e0 Disem pour donner une formation sur la commercialisation des lignes d'emballage, d'encaissage et de palettisation \u00e0 UNIVERSALE 360, le nouveau partenaire-distributeur officiel d'YM Packaging en Catalogne. Au sein du Groupe YM Packaging, nous continuons \u00e0 ajouter des distributeurs, ce qui nous permet de poursuivre notre croissance. Nous avons d\u00e9j\u00e0 r\u00e9alis\u00e9 plus de 800 projets dans le monde entier et nous avons plus de 15 ans d'exp\u00e9rience dans la conception et la fabrication de machines d'emballage.<\/p>","protected":false},"author":11,"featured_media":748,"comment_status":"closed","ping_status":"open","sticky":false,"template":"","format":"standard","meta":{"_seopress_robots_primary_cat":"none","_seopress_titles_title":"","_seopress_titles_desc":"","_seopress_robots_index":"","footnotes":""},"categories":[13],"tags":[],"class_list":["post-747","post","type-post","status-publish","format-standard","has-post-thumbnail","hentry","category-noticias"],"_links":{"self":[{"href":"https:\/\/ympackaging.com\/fr\/wp-json\/wp\/v2\/posts\/747","targetHints":{"allow":["GET"]}}],"collection":[{"href":"https:\/\/ympackaging.com\/fr\/wp-json\/wp\/v2\/posts"}],"about":[{"href":"https:\/\/ympackaging.com\/fr\/wp-json\/wp\/v2\/types\/post"}],"author":[{"embeddable":true,"href":"https:\/\/ympackaging.com\/fr\/wp-json\/wp\/v2\/users\/11"}],"replies":[{"embeddable":true,"href":"https:\/\/ympackaging.com\/fr\/wp-json\/wp\/v2\/comments?post=747"}],"version-history":[{"count":3,"href":"https:\/\/ympackaging.com\/fr\/wp-json\/wp\/v2\/posts\/747\/revisions"}],"predecessor-version":[{"id":3994,"href":"https:\/\/ympackaging.com\/fr\/wp-json\/wp\/v2\/posts\/747\/revisions\/3994"}],"wp:featuredmedia":[{"embeddable":true,"href":"https:\/\/ympackaging.com\/fr\/wp-json\/wp\/v2\/media\/748"}],"wp:attachment":[{"href":"https:\/\/ympackaging.com\/fr\/wp-json\/wp\/v2\/media?parent=747"}],"wp:term":[{"taxonomy":"category","embeddable":true,"href":"https:\/\/ympackaging.com\/fr\/wp-json\/wp\/v2\/categories?post=747"},{"taxonomy":"post_tag","embeddable":true,"href":"https:\/\/ympackaging.com\/fr\/wp-json\/wp\/v2\/tags?post=747"}],"curies":[{"name":"wp","href":"https:\/\/api.w.org\/{rel}","templated":true}]}}