{"id":4816,"date":"2025-05-05T12:24:48","date_gmt":"2025-05-05T12:24:48","guid":{"rendered":"https:\/\/ympackaging.com\/?p=4816"},"modified":"2025-05-05T12:47:26","modified_gmt":"2025-05-05T12:47:26","slug":"ym-packaging-au-salon-vitafoods-europe-2025-machines-demballage-pour-les-complements-alimentaires","status":"publish","type":"post","link":"https:\/\/ympackaging.com\/fr\/ym-packaging-en-vitafoods-europe-2025-maquinaria-de-envasado-para-suplementos\/","title":{"rendered":"YM PACKAGING AU SALON VITAFOODS EUROPE 2025 : MACHINES D'EMBALLAGE POUR LES COMPL\u00c9MENTS ALIMENTAIRES"},"content":{"rendered":"<p><strong>Emballage YM<\/strong> seront pr\u00e9sents dans les <strong>Vitafoods Europe 2025<\/strong>Le salon international le plus important du secteur des nutraceutiques, qui se d\u00e9roulera du 1er au 5 juin 2010, est le plus important du monde. <strong>20 au 22 mai<\/strong> \u00e0 <strong>Barcelone<\/strong>. Cet \u00e9v\u00e9nement rassemble les principaux acteurs de l'industrie des compl\u00e9ments alimentaires, des ingr\u00e9dients fonctionnels et des produits de sant\u00e9 et de bien-\u00eatre.<\/p>\n\n\n\n<h2 class=\"wp-block-heading\"><strong>Que pr\u00e9senterons-nous \u00e0 Vitafoods Europe ?<\/strong><\/h2>\n\n\n\n<p>Lors de cet \u00e9v\u00e9nement, nous pr\u00e9senterons nos <strong>machines d'emballage horizontales pour sacs pr\u00e9form\u00e9s EPJMXL<\/strong>sp\u00e9cialement con\u00e7ues pour l'industrie des compl\u00e9ments alimentaires et des prot\u00e9ines. Ces machines offrent des solutions d'emballage tr\u00e8s pr\u00e9cises et efficaces, id\u00e9ales pour les produits qui n\u00e9cessitent une manipulation d\u00e9licate et une garantie de qualit\u00e9 \u00e9lev\u00e9e.<\/p>\n\n\n\n<p>Le <strong>EPJMXL<\/strong> se distingue par sa capacit\u00e9 \u00e0 emballer une grande vari\u00e9t\u00e9 de produits dans diff\u00e9rents types de sacs pr\u00e9form\u00e9s, garantissant un processus d'emballage rapide, s\u00fbr et efficace. En outre, sa conception modulaire permet de l'adapter facilement aux besoins sp\u00e9cifiques de chaque client, qu'il s'agisse de personnaliser la production ou d'optimiser les temps de changement.<\/p>\n\n\n\n<figure class=\"wp-block-embed is-type-video is-provider-youtube wp-block-embed-youtube wp-embed-aspect-16-9 wp-has-aspect-ratio\"><div class=\"wp-block-embed__wrapper\">\n<iframe title=\"Machine d&#039;emballage horizontale pour sacs pr\u00e9form\u00e9s Doypack et Stabilo MOD.EPJMXL310\" width=\"800\" height=\"450\" src=\"https:\/\/www.youtube.com\/embed\/62HY133dDog?feature=oembed\" frameborder=\"0\" allow=\"accelerometer; autoplay; clipboard-write; encrypted-media; gyroscope; picture-in-picture; web-share\" referrerpolicy=\"strict-origin-when-cross-origin\" allowfullscreen><\/iframe>\n<\/div><\/figure>\n\n\n\n<p>Si vous fabriquez des suppl\u00e9ments, des prot\u00e9ines ou des produits de sant\u00e9 et de bien-\u00eatre, ne manquez pas l'occasion de d\u00e9couvrir nos solutions d'emballage. \u00c0 l'adresse <strong>stand 4A36<\/strong> (Hall 4, rue A, stand 36), notre \u00e9quipe sera \u00e0 votre disposition pour vous montrer les capacit\u00e9s de nos machines, r\u00e9pondre \u00e0 vos questions et vous conseiller sur la meilleure solution d'emballage pour votre entreprise.<\/p>\n\n\n\n<h2 class=\"wp-block-heading\"><strong>Vous souhaitez prendre rendez-vous avec notre \u00e9quipe pendant le salon ?<\/strong><\/h2>\n\n\n\n<p>Envoyez-nous un courriel \u00e0 ympackaging@ympackaging.com. Nous serons heureux de discuter de vos besoins et de la mani\u00e8re dont nous pouvons vous aider \u00e0 optimiser votre processus d'emballage.<\/p>\n\n\n\n<p><strong>Rendez-vous au Vitafoods Europe 2025 !<\/strong> N'h\u00e9sitez pas \u00e0 nous rendre visite pour d\u00e9couvrir comment nous pouvons vous aider \u00e0 faire passer vos processus d'emballage au niveau sup\u00e9rieur.<\/p>\n\n\n\n<p><\/p>","protected":false},"excerpt":{"rendered":"<p>YM Packaging sera pr\u00e9sent \u00e0 Vitafoods Europe 2025, le plus important salon international du secteur nutraceutique, qui se tiendra du 20 au 22 mai \u00e0 Barcelone. Cet \u00e9v\u00e9nement r\u00e9unit les principaux acteurs de l'industrie des compl\u00e9ments alimentaires, des ingr\u00e9dients fonctionnels et des produits de sant\u00e9 et de bien-\u00eatre. Que pr\u00e9senterons-nous \u00e0 Vitafoods Europe ? Lors de cet \u00e9v\u00e9nement, nous pr\u00e9senterons nos machines d'emballage de sachets pr\u00e9form\u00e9s horizontaux EPJMXL, sp\u00e9cialement con\u00e7ues pour l'industrie des compl\u00e9ments alimentaires et des prot\u00e9ines. Ces machines offrent des solutions d'emballage de haute pr\u00e9cision et de haute efficacit\u00e9, id\u00e9ales pour les produits qui n\u00e9cessitent une manipulation d\u00e9licate et une assurance qualit\u00e9 \u00e9lev\u00e9e. L'EPJMXL excelle dans sa capacit\u00e9 \u00e0 emballer une grande vari\u00e9t\u00e9 de produits dans diff\u00e9rents types de sachets pr\u00e9form\u00e9s, garantissant un processus d'emballage rapide, s\u00fbr et efficace. En outre, sa conception modulaire permet de l'adapter facilement aux besoins sp\u00e9cifiques de chaque client, qu'il s'agisse de personnaliser la production ou d'optimiser les temps de changement. Si vous fabriquez des compl\u00e9ments alimentaires, des prot\u00e9ines ou des produits de sant\u00e9 et de bien-\u00eatre, ne manquez pas l'occasion de d\u00e9couvrir nos solutions d'emballage. Au stand 4A36 (Hall 4, rue A, stand 36), notre \u00e9quipe sera \u00e0 votre disposition pour vous montrer les capacit\u00e9s de nos machines, r\u00e9pondre \u00e0 vos questions et vous conseiller sur la meilleure solution d'emballage pour votre entreprise. Vous souhaitez prendre rendez-vous avec notre \u00e9quipe pendant le salon ? Envoyez-nous un e-mail \u00e0 ympackaging@ympackaging.com. Nous serons heureux de discuter de vos besoins et de la mani\u00e8re dont nous pouvons vous aider \u00e0 optimiser votre processus d'emballage. Rendez-vous \u00e0 Vitafoods Europe 2025 ! N'h\u00e9sitez pas \u00e0 nous rendre visite pour d\u00e9couvrir comment nous pouvons vous aider \u00e0 faire passer vos processus d'emballage au niveau sup\u00e9rieur.<\/p>","protected":false},"author":11,"featured_media":4819,"comment_status":"open","ping_status":"open","sticky":false,"template":"","format":"standard","meta":{"_seopress_robots_primary_cat":"none","_seopress_titles_title":"YM Packaging en Vitafoods Europe 2025: Maquinaria de envasado para suplementos","_seopress_titles_desc":"YM Packaging estar\u00e1 presente en Vitafoods Europe 2025, la feria internacional m\u00e1s importante del sector nutrac\u00e9utico, que se celebrar\u00e1 del 20 al 22 de mayo en Barcelona. Este evento re\u00fane a los principales actores de la industria de suplementos alimenticios, ingredientes funcionales y productos de salud y bienestar.","_seopress_robots_index":"","footnotes":""},"categories":[14],"tags":[],"class_list":["post-4816","post","type-post","status-publish","format-standard","has-post-thumbnail","hentry","category-eventos"],"_links":{"self":[{"href":"https:\/\/ympackaging.com\/fr\/wp-json\/wp\/v2\/posts\/4816","targetHints":{"allow":["GET"]}}],"collection":[{"href":"https:\/\/ympackaging.com\/fr\/wp-json\/wp\/v2\/posts"}],"about":[{"href":"https:\/\/ympackaging.com\/fr\/wp-json\/wp\/v2\/types\/post"}],"author":[{"embeddable":true,"href":"https:\/\/ympackaging.com\/fr\/wp-json\/wp\/v2\/users\/11"}],"replies":[{"embeddable":true,"href":"https:\/\/ympackaging.com\/fr\/wp-json\/wp\/v2\/comments?post=4816"}],"version-history":[{"count":1,"href":"https:\/\/ympackaging.com\/fr\/wp-json\/wp\/v2\/posts\/4816\/revisions"}],"predecessor-version":[{"id":4820,"href":"https:\/\/ympackaging.com\/fr\/wp-json\/wp\/v2\/posts\/4816\/revisions\/4820"}],"wp:featuredmedia":[{"embeddable":true,"href":"https:\/\/ympackaging.com\/fr\/wp-json\/wp\/v2\/media\/4819"}],"wp:attachment":[{"href":"https:\/\/ympackaging.com\/fr\/wp-json\/wp\/v2\/media?parent=4816"}],"wp:term":[{"taxonomy":"category","embeddable":true,"href":"https:\/\/ympackaging.com\/fr\/wp-json\/wp\/v2\/categories?post=4816"},{"taxonomy":"post_tag","embeddable":true,"href":"https:\/\/ympackaging.com\/fr\/wp-json\/wp\/v2\/tags?post=4816"}],"curies":[{"name":"wp","href":"https:\/\/api.w.org\/{rel}","templated":true}]}}